{"id":102,"date":"2022-03-14T23:20:57","date_gmt":"2022-03-14T23:20:57","guid":{"rendered":"https:\/\/velha.org\/?p=102"},"modified":"2022-04-30T15:12:15","modified_gmt":"2022-04-30T15:12:15","slug":"curso-avancado-de-fotografia-em-60-horas-6a-edicao","status":"publish","type":"post","link":"https:\/\/velha.org\/?p=102","title":{"rendered":"Curso Avan\u00e7ado de Fotografia em 60 horas &#8211; 6\u00aa edi\u00e7\u00e3o"},"content":{"rendered":"\n<p><strong>6 MAI 2022, por Daniel Camacho<\/strong><\/p>\n\n\n\n<p><\/p>\n\n\n\n<p>Fotografia \u00e9 muito mais do que um simples clique, \u00e9 ver al\u00e9m de, \u00e9 ver para l\u00e1 de, \u00e9 olhar e ver e captar, reter na mem\u00f3ria, partilhar essa mem\u00f3ria. Vivemos rodeados de fotografias, de imagens que nos fazem imaginar o mundo e as coisas. O pensamento, a ideia, a constru\u00e7\u00e3o, a desconstru\u00e7\u00e3o, a visualiza\u00e7\u00e3o, a pausa, o momento, a fotografia. Neste curso, as grandes tem\u00e1ticas e disciplinas da fotografia ser\u00e3o abordadas.<\/p>\n\n\n\n<figure class=\"wp-block-table is-style-stripes\" style=\"font-size:12px\"><table class=\"has-fixed-layout\"><tbody><tr><td><strong>inscri\u00e7\u00e3o <\/strong><\/td><td><a href=\"#inscricao\" data-type=\"internal\" data-id=\"#inscricao\">preencher inscri\u00e7\u00e3o-da-velha<\/a><\/td><\/tr><tr><td><strong>destinat\u00e1rios<\/strong><\/td><td>todos os interessados em aperfei\u00e7oar e desenvolver conhecimentos de fotografia pr\u00e1tica e te\u00f3rica<\/td><\/tr><tr><td><strong>sess\u00f5es<\/strong><\/td><td>sex 6 MAI, 20h-23h<br>seg 9 MAI, 20h-23h<br>s\u00e1b 14 MAI, 15h-18h<br>qua 18 MAI, 20h-23h<br>s\u00e1b 21 MAI, 16h-19h<br>seg 23 MAI, 20h-23h<br>qua 25 MAI. 20h-23h<br>seg 30 MAI, 20h-23h<br><br>sex 3 JUN, 20h-23h<br>s\u00e1b 4 JUN, 16h-19h<br>seg 6 JUN, 20h-23h<br>qua 15 JUN, 20h-23h<br>s\u00e1b 18 JUN, 10h-13h<br>qua 29 JUN, 20h-23h<br><br>dom 3 JUL, 17h-20h<br>seg 4 JUL, 20h-23h<br>qua 6 JUL, 20h-23h<br>seg 11 JUL, 20h-23h<br>seg 18 JUL, 20h-23h<br>seg 25 JUL, 20h-23h<br><br>As aulas te\u00f3ricas decorrem na Velha-a-Branca, em Braga, e as pr\u00e1ticas em local a combinar entre formador e formandos durante as sess\u00f5es te\u00f3ricas<\/td><\/tr><tr><td><strong>pre\u00e7o<\/strong><\/td><td>399\u20ac<br>ou 3&#215;150\u20ac<br>(Pagamentos: 1\u00aa presta\u00e7\u00e3o at\u00e9 in\u00edcio: 2\u00ba presta\u00e7\u00e3o a 25 MAI; 3\u00aa presta\u00e7\u00e3o a 29 JUN)<\/td><\/tr><tr><td><strong>programa<\/strong><\/td><td>1. Fundamentos da Fotografia<br>Forma\u00e7\u00e3o da imagem<br>Linguagem fotogr\u00e1fica<br><br>2. Revis\u00e3o T\u00e9cnica<br>Controlos principais de uma c\u00e2mara<br>Controlo da exposi\u00e7\u00e3o<br><br>3. Comunica\u00e7\u00e3o<br>Ler uma fotografia<br>Desconstru\u00e7\u00e3o<br>Semi\u00f3tica<br>Influ\u00eancias<br>Composi\u00e7\u00e3o<br>Contexto e narrativa<br><br>4. Luz<br>O que \u00e9 a luz?<br>Tonalidade e contraste<br>Fotografia a preto e branco<br>Ilumina\u00e7\u00e3o natural. Ilumina\u00e7\u00e3o artificial<br>Flash e luz cont\u00ednua<br>Controlo e uso da luz<br><br>5. Edi\u00e7\u00e3o<br><br>6. Fotografia de Retrato<br>Fotografia de Paisagem<br>Fotografia a Preto e Branco<br><br>7. <em>Workflow<\/em><br>Processos da concep\u00e7\u00e3o ao resultado final<br><br>8. Projeto Final<\/td><\/tr><tr><td><strong>material necess\u00e1rio<\/strong><\/td><td>&#8211; c\u00e2mara fotogr\u00e1fica DSLR\/SLR ou mirrorless (o curso n\u00e3o \u00e9 indicado para c\u00e2maras compactas ou smartphones)<br>&#8211; bloco de notas<\/td><\/tr><tr><td><strong>formador(es)<\/strong><\/td><td><strong>DANIEL CAMACHO<\/strong> profissionalizou-se na \u00e1rea da fotografia em 2009. Freelancer desde 2015 e viajante desde que se lembra, capta e v\u00ea o mundo atrav\u00e9s da objetiva, colaborando com in\u00fameras empresas em diversas \u00e1reas da fotografia (arquitetura e interiores, eventos, forma\u00e7\u00e3o, produto, reportagens, social). Conta com v\u00e1rias publica\u00e7\u00f5es em revistas e livros, tanto na \u00e1rea da fotografia como da escrita, tendo editado o seu primeiro livro [Par\u00eantesis Rectos] em 2014. \u00c9 formador de diversos cursos de fotografia na Academia Olhares, CINDOR e na Velha-a-Branca desde 2009. Fez v\u00e1rias exposi\u00e7\u00f5es fotogr\u00e1ficas individuais um pouco por todo o pa\u00eds, em locais como a Casa do Livro no Porto, Centro de Artes e Espet\u00e1culos S\u00e3o Mamede em Guimar\u00e3es, Centro Multimeios de Espinho, Museu de Lamego, Biblioteca L\u00facio Craveiro da Silva e Zet Gallery em Braga.<\/td><\/tr><tr><td><strong>d\u00favidas e outras informa\u00e7\u00f5es<\/strong><\/td><td><strong><a href=\"mailto:cursos@velha.org\">cursos@velha.org<\/a><\/strong><\/td><\/tr><\/tbody><\/table><\/figure>\n\n\n<p><iframe loading=\"lazy\" id=\"inscricao\" src=\"https:\/\/docs.google.com\/forms\/d\/e\/1FAIpQLSd12etfzTtNJ6nlhhKEq8CL_9ET8xZJWL59DVJXiWOa970ugg\/viewform?usp=pp_url&amp;entry.97687983=CUR02925\" width=\"700\" height=\"3580\" frameborder=\"0\" marginwidth=\"0\" marginheight=\"0\">A carregar\u2026<\/iframe><\/p>","protected":false},"excerpt":{"rendered":"<p>6 MAI | por Daniel Camacho, Curso Avan\u00e7ado de Fotografia em 60 horas<\/p>\n","protected":false},"author":2,"featured_media":106,"comment_status":"closed","ping_status":"open","sticky":false,"template":"","format":"standard","meta":{"site-sidebar-layout":"default","site-content-layout":"default","ast-global-header-display":"","ast-main-header-display":"","ast-hfb-above-header-display":"","ast-hfb-below-header-display":"","ast-hfb-mobile-header-display":"","site-post-title":"","ast-breadcrumbs-content":"","ast-featured-img":"","footer-sml-layout":"","theme-transparent-header-meta":"","adv-header-id-meta":"","stick-header-meta":"","header-above-stick-meta":"","header-main-stick-meta":"","header-below-stick-meta":""},"categories":[5],"tags":[],"jetpack_featured_media_url":"https:\/\/velha.org\/wp-content\/uploads\/2022\/03\/curso60horas_2.jpg","_links":{"self":[{"href":"https:\/\/velha.org\/index.php?rest_route=\/wp\/v2\/posts\/102"}],"collection":[{"href":"https:\/\/velha.org\/index.php?rest_route=\/wp\/v2\/posts"}],"about":[{"href":"https:\/\/velha.org\/index.php?rest_route=\/wp\/v2\/types\/post"}],"author":[{"embeddable":true,"href":"https:\/\/velha.org\/index.php?rest_route=\/wp\/v2\/users\/2"}],"replies":[{"embeddable":true,"href":"https:\/\/velha.org\/index.php?rest_route=%2Fwp%2Fv2%2Fcomments&post=102"}],"version-history":[{"count":9,"href":"https:\/\/velha.org\/index.php?rest_route=\/wp\/v2\/posts\/102\/revisions"}],"predecessor-version":[{"id":159,"href":"https:\/\/velha.org\/index.php?rest_route=\/wp\/v2\/posts\/102\/revisions\/159"}],"wp:featuredmedia":[{"embeddable":true,"href":"https:\/\/velha.org\/index.php?rest_route=\/wp\/v2\/media\/106"}],"wp:attachment":[{"href":"https:\/\/velha.org\/index.php?rest_route=%2Fwp%2Fv2%2Fmedia&parent=102"}],"wp:term":[{"taxonomy":"category","embeddable":true,"href":"https:\/\/velha.org\/index.php?rest_route=%2Fwp%2Fv2%2Fcategories&post=102"},{"taxonomy":"post_tag","embeddable":true,"href":"https:\/\/velha.org\/index.php?rest_route=%2Fwp%2Fv2%2Ftags&post=102"}],"curies":[{"name":"wp","href":"https:\/\/api.w.org\/{rel}","templated":true}]}}