{"id":659,"date":"2022-12-12T22:38:40","date_gmt":"2022-12-12T22:38:40","guid":{"rendered":"https:\/\/velha.org\/?p=659"},"modified":"2022-12-12T22:47:30","modified_gmt":"2022-12-12T22:47:30","slug":"oficinas-de-artes-plasticas-para-criancas-2","status":"publish","type":"post","link":"https:\/\/velha.org\/?p=659","title":{"rendered":"Oficinas de Artes Pl\u00e1sticas para Crian\u00e7as"},"content":{"rendered":"\n<p>Minicurso de desenho art\u00edstico, ilustra\u00e7\u00e3o, pintura e escultura, em que a crian\u00e7a desenvolve, de forma livre e criativa, t\u00e9cnicas diversas no \u00e2mbito destas \u00e1reas, com diferentes materiais e em diferentes suportes. Nestas oficinas ser\u00e1 abordada a tem\u00e1tica da \u00e9poca natal\u00edcia de uma forma l\u00fadica e criativa explorando a criatividade e express\u00e3o individual. No final, o aluno levar\u00e1 para casa um portef\u00f3lio de desenhos, uma pintura em tela e uma escultura.<br><\/p>\n\n\n\n<p>Nota: os exerc\u00edcios, artistas e temas trabalhados ser\u00e3o sempre diferentes de turma para turma e de semana para semana.<br><\/p>\n\n\n\n<figure class=\"wp-block-table is-style-stripes\" style=\"font-size:12px\"><table class=\"has-fixed-layout\"><tbody><tr><td><strong>inscri\u00e7\u00e3o <\/strong><\/td><td><a href=\"https:\/\/forms.gle\/XixZUvrFnHMfuHM28\">inscri\u00e7\u00f5es no formul\u00e1rio do Cave Coletivo <\/a><\/td><\/tr><tr><td><strong>destinat\u00e1rios<\/strong><\/td><td>crian\u00e7as dos 6 aos 12 anos<\/td><\/tr><tr><td><strong>sess\u00f5es<\/strong><\/td><td><strong>SEMANA 19-23 DEZ<br><br><\/strong>Turma 1<br>seg, 19 Dez &#8211; 10h00-12H30<br>ter, 22 Dez &#8211; 10h00-12H30<br>quar, 21 Dez &#8211; 10h00-12H30<br>qui, 22 Dez &#8211; 10h00-12H30<br>sex, 23 Dez &#8211; 10h00-12H30<br><br>Turma 2<br>seg, 19 Dez &#8211; 14h30-17H<br>ter, 20 Dez &#8211; 14H30-17H<br>quar, 21 Dez &#8211; 14H30-17H<br>qui, 22 Dez &#8211; 14H30-17H<br>sex, 23 Dez &#8211; 14h30-17H<strong><br><br>SEMANA 26-30 DEZ<br><br><\/strong>Turma 3<br>seg, 26 Dez &#8211; 10h00-12H30<br>ter, 27 Dez &#8211; 10h00-12H30<br>quar, 28 Dez &#8211; 10h00-12H30<br>qui, 29 Dez &#8211; 10h00-12H30<br>sex, 30 Dez &#8211; 10h00-12H30<br><br>Turma 4<br>seg, 26 Dez &#8211; 14h30-17H<br>ter, 27 Dez &#8211; 14H30-17H<br>quar, 28 Dez &#8211; 14H30-17H<br>qui, 29 Dez &#8211; 14H30-17H<br>sex, 30 Dez &#8211; 14h30-17H<br><br>As aulas decorrem no <br><strong>Cave Coletivo<\/strong><br><strong>Rua de S. Sebasti\u00e3o, 61 r\/c<\/strong><br><strong>4700-043&nbsp;Braga<\/strong><\/td><\/tr><tr><td><strong>pre\u00e7o<\/strong><\/td><td>75\u20ac<br><em>ou 135\u20ac &#8211; desconto para duas oficinas para a mesma crian\u00e7a ou duas inscri\u00e7\u00f5es uma para cada irm\u00e3o<\/em><\/td><\/tr><tr><td><strong>programa<\/strong><\/td><td>-Desenho criativo e de observa\u00e7\u00e3o em diversos suportes<br>-Eco arte<br>-Pintura em tela<br>-Escultura em barro<br>&nbsp;<br>Temas: Ver\u00e3o e natureza, hist\u00f3rias, filmes e imagens, inspira\u00e7\u00e3o em obras dos grandes mestres de artes pl\u00e1sticas.<br>&nbsp;<br>Nota: os exerc\u00edcios e artistas trabalhados ser\u00e3o sempre diferentes de turma para turma.<\/td><\/tr><tr><td><strong>material necess\u00e1rio<\/strong><\/td><td>material inclu\u00eddo no pre\u00e7o de inscri\u00e7\u00e3o:<br>-past\u00e9is de \u00f3leo<br>-canetas e marcadores<br>-l\u00e1pis de cor<br>-tintas de aguarela\/acr\u00edlicas\/pinc\u00e9is<br>-barro<br>-telas 50&#215;40<br>-papel e cartolinas para desenho<br><br>devem trazer:<br>-um pequeno lanche uma vez que haver\u00e1 um intervalo para esse efeito<br><\/td><\/tr><tr><td><strong>formador(es)<\/strong><\/td><td><strong>FIL OLIVEIRA<\/strong>, artista pl\u00e1stica<br>Com forma\u00e7\u00e3o em Design de Comunica\u00e7\u00e3o na FBAUL frequentando cursos de artes desde cedo. Apaixonada pelas belas artes desde escultura, desenho, ilustra\u00e7\u00e3o e fotografia. Amante das cores e beleza da natureza, procura sempre aproveitar a artista multifacetada que \u00e9. Com pr\u00e9mios em v\u00e1rios concursos desde ilustra\u00e7\u00e3o, fotografia e trabalhos de escultura.&nbsp;Colabora com a CEA, escola de ensino art\u00edstico, no ensino a crian\u00e7as e jovens.<strong><br><br>CARLA GON\u00c7ALVES, artista pl\u00e1stica<br><\/strong>Com forma\u00e7\u00e3o em Artes Pl\u00e1sticas &#8211; Pintura na FBAUL, pinta, desenha, fotografa e usa as mais diversas t\u00e9cnicas para realizar as suas cria\u00e7\u00f5es art\u00edsticas. Din\u00e2mica e polivalente, tamb\u00e9m desenvolve trabalho com crian\u00e7as e adultos no contexto de oficinas art\u00edsticas, atrav\u00e9s das artes pl\u00e1sticas, desenho, cinema de anima\u00e7\u00e3o e hist\u00f3ria da arte. Tem sido colaboradora em projetos art\u00edsticos, culturais e ativistas com a Velha-a-Branca, CEA (escola de ensino art\u00edstico) e Umar (associa\u00e7\u00e3o feminista).<\/td><\/tr><tr><td><strong>d\u00favidas e outras informa\u00e7\u00f5es<\/strong><\/td><td><strong><a href=\"mailto:cursos@velha.org\">cursos@velha.org<\/a><\/strong><\/td><\/tr><\/tbody><\/table><\/figure>\n","protected":false},"excerpt":{"rendered":"<p>NATAL | atelier de f\u00e9rias, com Fil Oliveira e Carla Gon\u00e7alves<\/p>\n","protected":false},"author":2,"featured_media":662,"comment_status":"closed","ping_status":"open","sticky":false,"template":"","format":"standard","meta":{"site-sidebar-layout":"default","site-content-layout":"default","ast-global-header-display":"","ast-main-header-display":"","ast-hfb-above-header-display":"","ast-hfb-below-header-display":"","ast-hfb-mobile-header-display":"","site-post-title":"","ast-breadcrumbs-content":"","ast-featured-img":"","footer-sml-layout":"","theme-transparent-header-meta":"","adv-header-id-meta":"","stick-header-meta":"","header-above-stick-meta":"","header-main-stick-meta":"","header-below-stick-meta":""},"categories":[13,5],"tags":[],"jetpack_featured_media_url":"https:\/\/velha.org\/wp-content\/uploads\/2022\/12\/ferias.png","_links":{"self":[{"href":"https:\/\/velha.org\/index.php?rest_route=\/wp\/v2\/posts\/659"}],"collection":[{"href":"https:\/\/velha.org\/index.php?rest_route=\/wp\/v2\/posts"}],"about":[{"href":"https:\/\/velha.org\/index.php?rest_route=\/wp\/v2\/types\/post"}],"author":[{"embeddable":true,"href":"https:\/\/velha.org\/index.php?rest_route=\/wp\/v2\/users\/2"}],"replies":[{"embeddable":true,"href":"https:\/\/velha.org\/index.php?rest_route=%2Fwp%2Fv2%2Fcomments&post=659"}],"version-history":[{"count":3,"href":"https:\/\/velha.org\/index.php?rest_route=\/wp\/v2\/posts\/659\/revisions"}],"predecessor-version":[{"id":667,"href":"https:\/\/velha.org\/index.php?rest_route=\/wp\/v2\/posts\/659\/revisions\/667"}],"wp:featuredmedia":[{"embeddable":true,"href":"https:\/\/velha.org\/index.php?rest_route=\/wp\/v2\/media\/662"}],"wp:attachment":[{"href":"https:\/\/velha.org\/index.php?rest_route=%2Fwp%2Fv2%2Fmedia&parent=659"}],"wp:term":[{"taxonomy":"category","embeddable":true,"href":"https:\/\/velha.org\/index.php?rest_route=%2Fwp%2Fv2%2Fcategories&post=659"},{"taxonomy":"post_tag","embeddable":true,"href":"https:\/\/velha.org\/index.php?rest_route=%2Fwp%2Fv2%2Ftags&post=659"}],"curies":[{"name":"wp","href":"https:\/\/api.w.org\/{rel}","templated":true}]}}