{"id":714,"date":"2023-05-15T20:41:56","date_gmt":"2023-05-15T20:41:56","guid":{"rendered":"https:\/\/velha.org\/?p=714"},"modified":"2023-06-26T13:25:32","modified_gmt":"2023-06-26T13:25:32","slug":"curso-de-iniciacao-a-fotografia-116a-edicao","status":"publish","type":"post","link":"https:\/\/velha.org\/?p=714","title":{"rendered":"Curso de Inicia\u00e7\u00e3o \u00e0 Fotografia  &#8211; 116\u00aa edi\u00e7\u00e3o"},"content":{"rendered":"\n<p><strong>NOVO PROGRAMA<\/strong> | <strong>MAI 2023<\/strong><\/p>\n\n\n\n<p><\/p>\n\n\n\n<p>As no\u00e7\u00f5es b\u00e1sicas de fotografia s\u00e3o essenciais para quem pretende entrar no mundo da fotografia seja qual for o dispositivo utilizado &#8211; <em>smartphone<\/em>, c\u00e2mara digital compacta, c\u00e2mara DSLR, c\u00e2mara anal\u00f3gica, etc. As novas m\u00e1quinas digitais e as ferramentas inform\u00e1ticas de tratamento de imagem criaram a ilus\u00e3o de que aquelas no\u00e7\u00f5es j\u00e1 n\u00e3o s\u00e3o necess\u00e1rias. Todavia, hoje, como sempre, uma boa fotografia depende essencialmente das t\u00e9cnicas utilizadas na sua captura e n\u00e3o dos tratamentos (digitais) feitos a posteriori. <\/p>\n\n\n\n<p>O <strong>Curso de Inicia\u00e7\u00e3o \u00e0 Fotografia<\/strong> ensina os conceitos b\u00e1sicos de forma a permitir o controlo da c\u00e2mara fotogr\u00e1fica ou do <em>smartphone <\/em>e do resultado final.<\/p>\n\n\n\n<figure class=\"wp-block-table is-style-stripes has-small-font-size\"><table><tbody><tr><td><strong>inscri\u00e7\u00e3o <\/strong><\/td><td><a href=\"https:\/\/velha.org\/?p=172\">edi\u00e7\u00e3o encerrada &#8211; inscri\u00e7\u00f5es na nova edi\u00e7\u00e3o<\/a><\/td><\/tr><tr><td><strong>destinat\u00e1rios<\/strong><\/td><td>todos os interessados em adquirir conhecimentos de fotografia pr\u00e1tica e te\u00f3rica<\/td><\/tr><tr><td><strong>sess\u00f5es<\/strong><\/td><td>ter 16 MAI, 20h-23h<br>qua 17 MAI, 20h-23h<br>s\u00e1b 20 MAI, 10h-13h<br>qua 24 MAI, 20h-23h<br>[**qui 25 MAI, 19h-22h pr\u00e1tica EXTRA]<br>[**s\u00e1b 27 MAI, 16h-19h pr\u00e1tica EXTRA]<br>[**ter 30 MAI, 20h-22h aula EXTRA]<br><br>As aulas te\u00f3ricas decorrem na Velha-a-Branca, em Braga, e as pr\u00e1ticas em local a combinar entre formador e formandos durante as sess\u00f5es te\u00f3ricas<\/td><\/tr><tr><td><strong>pre\u00e7o<\/strong><\/td><td>95\u20ac<br>ou 139\u20ac curso completo [com aulas extra assinaladas com **]<\/td><\/tr><tr><td><strong>programa<\/strong><\/td><td><strong><strong>Aula 1 &#8211; em sala<\/strong><br><\/strong>Apresenta\u00e7\u00e3o. O que \u00e9 fotografia? Hist\u00f3ria da fotografia. Balan\u00e7o de Brancos. Tipos de C\u00e2maras e Acess\u00f3rios.<strong><br><br><strong>Aula 2<\/strong> <strong>&#8211; em sala<\/strong><br><\/strong>Tipos de Ficheiros. Tipos de Objetivas e Filtros. Tipos de focagem.<br>O fot\u00f3metro. Programas de Disparo: Prioridade Abertura, Prioridade Velocidade. A import\u00e2ncia da ISO.<strong><br><br><strong>Aula 3<\/strong> <strong>&#8211; em sala<\/strong><br><\/strong>As tr\u00eas vari\u00e1veis t\u00e9cnicas. Vantagens e desvantagens de cada programa de disparo. Compensa\u00e7\u00e3o e Bloqueio da Exposi\u00e7\u00e3o. Modos de Medi\u00e7\u00e3o de Luz.<strong><br><br><strong>Aula 4 \u2013 pr\u00e1tica<\/strong><br><\/strong>Fotografia diurna, explora\u00e7\u00e3o dos diferentes programas de disparo.<strong><br><br><strong>Aula 5 \u2013 pr\u00e1tica<\/strong><br><\/strong>Fotografia noturna.<strong><br><br><strong>Aula 6 \u2013 pr\u00e1tica<\/strong><br><\/strong>Controlo da Profundidade de Campo e Controlo do Tempo de Exposi\u00e7\u00e3o.<strong><br><br><strong>Aula 7 &#8211; em sala<\/strong><br><\/strong>An\u00e1lise e discuss\u00e3o cr\u00edtica sobre as fotografias realizadas durante o curso.<\/td><\/tr><tr><td><strong>material necess\u00e1rio<\/strong><\/td><td>&#8211; C\u00e2mara fotogr\u00e1fica digital (de prefer\u00eancia DSLR ou c\u00e2mara com modo manual) ou s<em>martphone<\/em>*<br>&#8211; Bloco de notas<br><br><em>* a Velha-a-Branca recomenda a utiliza\u00e7\u00e3o de uma c\u00e2mara fotogr\u00e1fica<\/em> digital para tirar proveito de toda a forma\u00e7\u00e3o<\/td><\/tr><tr><td><strong>formador(es)<\/strong><\/td><td><strong>DANIEL CAMACHO<\/strong> profissionalizou-se na \u00e1rea da fotografia em 2009. Freelancer desde 2015 e viajante desde que se lembra, capta e v\u00ea o mundo atrav\u00e9s da objetiva, colaborando com in\u00fameras empresas em diversas \u00e1reas da fotografia (arquitetura e interiores, eventos, forma\u00e7\u00e3o, produto, reportagens, social). Conta com v\u00e1rias publica\u00e7\u00f5es em revistas e livros, tanto na \u00e1rea da fotografia como da escrita, tendo editado o seu primeiro livro [Par\u00eantesis Rectos] em 2014. \u00c9 formador de diversos cursos de fotografia na Academia Olhares, CINDOR e na Velha-a-Branca desde 2009. Fez v\u00e1rias exposi\u00e7\u00f5es fotogr\u00e1ficas individuais um pouco por todo o pa\u00eds, em locais como a Casa do Livro no Porto, Centro de Artes e Espet\u00e1culos S\u00e3o Mamede em Guimar\u00e3es, Centro Multimeios de Espinho, Museu de Lamego, Biblioteca L\u00facio Craveiro da Silva e Zet Gallery em Braga.<\/td><\/tr><tr><td><strong>d\u00favidas e outras informa\u00e7\u00f5es<\/strong><\/td><td><strong><a href=\"mailto:cursos@velha.org\">cursos@velha.org<\/a><\/strong><\/td><\/tr><\/tbody><\/table><\/figure>\n","protected":false},"excerpt":{"rendered":"<p>NOVO PROGRAMA | MAI 2023<\/p>\n","protected":false},"author":2,"featured_media":177,"comment_status":"closed","ping_status":"open","sticky":false,"template":"","format":"standard","meta":{"site-sidebar-layout":"default","site-content-layout":"default","ast-global-header-display":"","ast-main-header-display":"","ast-hfb-above-header-display":"","ast-hfb-below-header-display":"","ast-hfb-mobile-header-display":"","site-post-title":"","ast-breadcrumbs-content":"","ast-featured-img":"","footer-sml-layout":"","theme-transparent-header-meta":"default","adv-header-id-meta":"","stick-header-meta":"","header-above-stick-meta":"","header-main-stick-meta":"","header-below-stick-meta":""},"categories":[10],"tags":[],"jetpack_featured_media_url":"https:\/\/velha.org\/wp-content\/uploads\/2022\/06\/ari-he-idIUCsynuS4-unsplash2_600x400.jpg","_links":{"self":[{"href":"https:\/\/velha.org\/index.php?rest_route=\/wp\/v2\/posts\/714"}],"collection":[{"href":"https:\/\/velha.org\/index.php?rest_route=\/wp\/v2\/posts"}],"about":[{"href":"https:\/\/velha.org\/index.php?rest_route=\/wp\/v2\/types\/post"}],"author":[{"embeddable":true,"href":"https:\/\/velha.org\/index.php?rest_route=\/wp\/v2\/users\/2"}],"replies":[{"embeddable":true,"href":"https:\/\/velha.org\/index.php?rest_route=%2Fwp%2Fv2%2Fcomments&post=714"}],"version-history":[{"count":1,"href":"https:\/\/velha.org\/index.php?rest_route=\/wp\/v2\/posts\/714\/revisions"}],"predecessor-version":[{"id":715,"href":"https:\/\/velha.org\/index.php?rest_route=\/wp\/v2\/posts\/714\/revisions\/715"}],"wp:featuredmedia":[{"embeddable":true,"href":"https:\/\/velha.org\/index.php?rest_route=\/wp\/v2\/media\/177"}],"wp:attachment":[{"href":"https:\/\/velha.org\/index.php?rest_route=%2Fwp%2Fv2%2Fmedia&parent=714"}],"wp:term":[{"taxonomy":"category","embeddable":true,"href":"https:\/\/velha.org\/index.php?rest_route=%2Fwp%2Fv2%2Fcategories&post=714"},{"taxonomy":"post_tag","embeddable":true,"href":"https:\/\/velha.org\/index.php?rest_route=%2Fwp%2Fv2%2Ftags&post=714"}],"curies":[{"name":"wp","href":"https:\/\/api.w.org\/{rel}","templated":true}]}}